{"id":245,"date":"2021-03-11T21:25:50","date_gmt":"2021-03-11T20:25:50","guid":{"rendered":"https:\/\/ct27.escalade-normandie.com\/?p=245"},"modified":"2021-03-12T19:00:58","modified_gmt":"2021-03-12T18:00:58","slug":"la-seconde-jeunesse","status":"publish","type":"post","link":"https:\/\/ct27.escalade-normandie.com\/index.php\/2021\/03\/11\/la-seconde-jeunesse\/","title":{"rendered":"La Seconde Jeunesse"},"content":{"rendered":"\n<figure class=\"wp-block-image size-large\"><img loading=\"lazy\" decoding=\"async\" width=\"1024\" height=\"576\" src=\"https:\/\/ct27.escalade-normandie.com\/wp-content\/uploads\/2021\/03\/Vue-de-face-1024x576.jpg\" alt=\"\" class=\"wp-image-250\" srcset=\"https:\/\/ct27.escalade-normandie.com\/wp-content\/uploads\/2021\/03\/Vue-de-face-1024x576.jpg 1024w, https:\/\/ct27.escalade-normandie.com\/wp-content\/uploads\/2021\/03\/Vue-de-face-300x169.jpg 300w, https:\/\/ct27.escalade-normandie.com\/wp-content\/uploads\/2021\/03\/Vue-de-face-768x432.jpg 768w, https:\/\/ct27.escalade-normandie.com\/wp-content\/uploads\/2021\/03\/Vue-de-face-1536x864.jpg 1536w, https:\/\/ct27.escalade-normandie.com\/wp-content\/uploads\/2021\/03\/Vue-de-face-2048x1152.jpg 2048w\" sizes=\"auto, (max-width: 706px) 89vw, (max-width: 767px) 82vw, 740px\" \/><figcaption>La seconde jeunesse vue de face<\/figcaption><\/figure>\n\n\n\n<p>Tout a commenc\u00e9 par des \u00e9nergies locales, des b\u00e9n\u00e9voles farouchement amoureux des falaises de l\u2019Eure et de son Bord de Seine et soucieux de participer \u00e0 l\u2019entretien et \u00e0 l\u2019\u00e9quipement de nos sites de pratique. Le Comit\u00e9 Territorial FFME de l\u2019Eure d\u00e9cide alors de mettre en place une formation d\u2019ouvreurs en site naturel en 2018.<\/p>\n\n\n\n<p>Ainsi form\u00e9s S\u00e9bastien Pouillard et Jonathan Clerg\u00e9 font des \u00e9mules. Ils sont rejoints par des \u00e2mes vives&nbsp;: Pascal Bocianowski, Manu Crevon, Pierre Geslin, Christophe Van Der Cruissen qui int\u00e8grent la Commission SNE (Site Naturel d\u2019Escalade) du CT 27 FFME pr\u00e9sid\u00e9 par St\u00e9phane Durel.<\/p>\n\n\n\n<p>Parall\u00e8lement un spot historique de grimpe laiss\u00e9 \u00e0 l\u2019abandon ne demande qu\u2019\u00e0 retrouver sa \u00ab&nbsp;Seconde jeunesse&nbsp;\u00bb.<\/p>\n\n\n\n<p>La boucle est boucl\u00e9e, alors que le CT 27 FFME signe son premier Contrat d\u2019entretien avec le Conservatoire des Espaces Naturels, propri\u00e9taire des lieux, les travaux d\u00e9marrent en mars 2020 juste avant le premier confinement.<\/p>\n\n\n\n<p>Apr\u00e8s presqu\u2019un an de travaux, des week-ends entiers de nettoyage, des purges incroyables, la pose de 150 broches de 300 mm, la pose de mains courantes, le terrassement du pied des voies, apr\u00e8s tron\u00e7onnage et ouverture du chemin d\u2019acc\u00e8s, le site est enfin \u00e0 votre disposition.<\/p>\n\n\n\n<p>Respectez les lieux et les riverains.<\/p>\n\n\n\n<p>Bonne grimpe.<\/p>\n\n\n\n<figure class=\"wp-block-image size-large\"><img loading=\"lazy\" decoding=\"async\" width=\"1024\" height=\"576\" src=\"https:\/\/ct27.escalade-normandie.com\/wp-content\/uploads\/2021\/03\/Vue-cote-gauche-panorama-1-1024x576.jpg\" alt=\"\" class=\"wp-image-249\" srcset=\"https:\/\/ct27.escalade-normandie.com\/wp-content\/uploads\/2021\/03\/Vue-cote-gauche-panorama-1-1024x576.jpg 1024w, https:\/\/ct27.escalade-normandie.com\/wp-content\/uploads\/2021\/03\/Vue-cote-gauche-panorama-1-300x169.jpg 300w, https:\/\/ct27.escalade-normandie.com\/wp-content\/uploads\/2021\/03\/Vue-cote-gauche-panorama-1-768x432.jpg 768w, https:\/\/ct27.escalade-normandie.com\/wp-content\/uploads\/2021\/03\/Vue-cote-gauche-panorama-1-1536x864.jpg 1536w, https:\/\/ct27.escalade-normandie.com\/wp-content\/uploads\/2021\/03\/Vue-cote-gauche-panorama-1-2048x1152.jpg 2048w\" sizes=\"auto, (max-width: 706px) 89vw, (max-width: 767px) 82vw, 740px\" \/><\/figure>\n\n\n\n<p><\/p>\n\n\n\n<p>Rocher &amp; Escalade \u00e0 la Seconde Jeunesse<\/p>\n\n\n\n<p>Le caillou est tr\u00e8s sp\u00e9cifique des falaises du bord de Seine&nbsp;: du calcaire blanc et poudr\u00e9 comme de la craie avec des strates de silex. Il offre essentiellement du vertical, du bomb\u00e9, quelques d\u00e9vers et surplombs, du facile, du un peu plus dur\u2026 et m\u00eame du encore plus dur ! Et tout cela r\u00e9parti sur une vingtaine de lignes toutes plus int\u00e9ressantes les unes que les autres. Vous trouverez ainsi des voies typ\u00e9es bloc et des voies plus longues et techniques sur du rocher poreux \u00e0 trous et parsem\u00e9s de silex. Il y a une majorit\u00e9 de voies faciles (de niveau 5 \u00e0 6), mais aussi 2 ou 3 belles voies dans du dur. Les hauteurs de voies vont de 10m \u00e0 presque 20m. Le site est en face ouest et prend donc le soleil toute la journ\u00e9e. Il n\u2019est pas rare de voir des grimpeurs en T-shirt ou d\u00e9bardeurs d\u00e8s le mois de F\u00e9vrier. Le pied des voies a \u00e9t\u00e9 am\u00e9nag\u00e9 par une redoutable \u00e9quipe de b\u00e9n\u00e9voles et le GR a \u00e9t\u00e9 retrac\u00e9 afin de facilit\u00e9 l\u2019acc\u00e8s. L\u2019\u00e9quipement, propre et soign\u00e9, a \u00e9t\u00e9 pens\u00e9 pour le plaisir de tous, quel que soit le niveau. Toutes les voies ont des relais cha\u00een\u00e9s. Le site venant d\u2019\u00eatre r\u00e9am\u00e9nag\u00e9, des chutes de pierres sont \u00e0 anticiper, le casque est vivement recommand\u00e9.<\/p>\n\n\n\n<p>A Noter&nbsp;: un point sublime existe au sommet de la Seconde Jeunesse avec un panorama fantastique sur les boucles de la Seine, le barrage de Poses, le lac des 2 Amants, le lac du Mesnil. Peintres et photographes devraient s\u2019\u00e9clater.<\/p>\n\n\n\n<p>Best of<\/p>\n\n\n\n<p>\u00ab\u00a0Vip\u00e8re\u00a0\u00bb, 6b \/ \u00ab\u00a0Les Frangins\u00a0\u00bb, 5c \/ Gazochoc 6B<\/p>\n\n\n\n<p>Kids welcome<\/p>\n\n\n\n<p>Il y a tout ce qu\u2019il faut \u00e0 la Seconde Jeunesse pour venir grimper avec des enfants d\u2019un niveau d\u00e9brouill\u00e9 puisque le site a \u00e9t\u00e9 pens\u00e9 pour \u00e7a. N\u00e9anmoins, le premier niveau d\u2019entr\u00e9e est dans le 5, le terrassement est \u00e9troit et comme toute nouvelle falaise pourtant nettoy\u00e9e et purg\u00e9e, le casque est fortement recommand\u00e9.<\/p>\n\n\n\n<p>Acc\u00e8s &amp; Approche la Seconde Jeunesse<\/p>\n\n\n\n<p>A Amfreville sous les Monts, se garer en bas de la Route du Plessis sur le parking de l\u2019Eglise Saint Michel. Prendre le GR-2, chemin en terre en face de l\u2019entr\u00e9e\/sortie du parking entre les habitations. Le remonter sur environ cent m\u00e8tres. Puis tourner \u00e0 gauche pour regagner le chemin \u00e0 flanc de coteau fraichement redessin\u00e9 par les v\u00e9t\u00e9tistes, les traileurs et les grimpeurs en collaboration avec le Conservatoire des Espaces Naturels. Continuer tout droit sur le balcon sud du coteau, la falaise est \u00e0 400 m en haut du chemin en lacet.<\/p>\n\n\n\n<figure class=\"wp-block-image size-large\"><img loading=\"lazy\" decoding=\"async\" width=\"1024\" height=\"317\" src=\"https:\/\/ct27.escalade-normandie.com\/wp-content\/uploads\/2021\/03\/Chemin-logo-1024x317.jpg\" alt=\"\" class=\"wp-image-248\" srcset=\"https:\/\/ct27.escalade-normandie.com\/wp-content\/uploads\/2021\/03\/Chemin-logo-1024x317.jpg 1024w, https:\/\/ct27.escalade-normandie.com\/wp-content\/uploads\/2021\/03\/Chemin-logo-300x93.jpg 300w, https:\/\/ct27.escalade-normandie.com\/wp-content\/uploads\/2021\/03\/Chemin-logo-768x238.jpg 768w, https:\/\/ct27.escalade-normandie.com\/wp-content\/uploads\/2021\/03\/Chemin-logo-1536x476.jpg 1536w, https:\/\/ct27.escalade-normandie.com\/wp-content\/uploads\/2021\/03\/Chemin-logo-2048x634.jpg 2048w\" sizes=\"auto, (max-width: 706px) 89vw, (max-width: 767px) 82vw, 740px\" \/><\/figure>\n\n\n\n<p>Quand y aller ?<\/p>\n\n\n\n<p>La Falaise est convexe ce qui permet de grimper dans toutes les expositions, m\u00eame si le site est majoritairement orient\u00e9 plein ouest On peut y grimper quasiment toute l\u2019ann\u00e9e. Se m\u00e9fier toutefois des apr\u00e8s-midi chaudes et ensoleill\u00e9es de l\u2019\u00e9t\u00e9&nbsp;: cagnard assur\u00e9.<\/p>\n\n\n\n<p>Topos de la Seconde Jeunesse<\/p>\n\n\n\n<p>Toutes les voies sont identifi\u00e9es \u00e0 leur d\u00e9part mais les cotations locales ne sont pas cadeaux\u2026 L\u2019humilit\u00e9 sera votre meilleur atout.<\/p>\n\n\n\n<p>Un compl\u00e9ment num\u00e9rique au Topo \u00ab&nbsp;Escalade dans l&rsquo;Eure &#8211; Falaises du Bord de Seine&nbsp;\u00bb (que vous pouvez acheter ici&nbsp;:&nbsp; <a href=\"https:\/\/boutique.ffme.fr\/topo-guide\/671-escalade-dans-l-eure-falaises-du-bord-de-seine.html\">https:\/\/boutique.ffme.fr\/topo-guide\/671-escalade-dans-l-eure-falaises-du-bord-de-seine.html<\/a>) est en cours de fabrication. Un QR Code devrait vous \u00eatre communiqu\u00e9 tr\u00e8s prochainement.<\/p>\n\n\n\n<p>Pour votre information, tout l\u2019argent r\u00e9unis par la vente du Topo permet au CT 27 FFME d\u2019entretenir les sites de pratique et d\u2019en ouvrir d\u2019autres comme ici la Seconde Jeunesse. N\u2019h\u00e9sitez pas \u00e0 nous accompagner dans nos projets.<\/p>\n\n\n\n<p>Autres sites \u00e0 proximit\u00e9<\/p>\n\n\n\n<p>En cas d\u2019affluence, d\u2019autres secteurs vous attentes sur les Falaises du Bord de Seine&nbsp;:<br>&#8211; Connelles ancestrale, (tout niveau avec quelques d\u00e9parts bloc, du 4 sup jusqu&rsquo;au&#8230;),<br>&#8211; la Microfalaise pas tr\u00e8s haute mais fine,<br>&#8211; la Bisexto, la bi pour les intimes (Int\u00e9ressante \u00e0 partir d&rsquo;un bon 5c mais beaucoup de voie dans le 6 et le 7),<br>&#8211; la Sp\u00e9l\u00e9o, la sp\u00e9 pour les locaux (si vous \u00eates \u00e0 l&rsquo;aise dans le 6b mais beaucoup de voies dans le 7 et 8),<br>&#8211; Le Thuit pour les machines (beaucoup de 8 et rien en dessous de 6c),- Le Val Saint Martin pour sa convivialit\u00e9 (tout niveau, du 4 sup jusqu&rsquo;\u00e0 6c).<\/p>\n\n\n\n<p>Not\u00e9 que la falaise de l\u2019M est interdite jusqu\u2019au 3 juillet 2021 pour une nich\u00e9e de Faucon P\u00e8lerin, esp\u00e8ce prot\u00e9g\u00e9e.<\/p>\n\n\n\n<p>O\u00f9 boire un coup apr\u00e8s la grimpe&nbsp;?<\/p>\n\n\n\n<p>A la Guinguette des Ecluses, 4 Hameau les Ecluses 27380 Amfreville Sous les Monts, en face du barrage de Poses.<br>Un lieu incontournable o\u00f9 bals dansants s\u2019enchainent, o\u00f9 des jeunes s\u00e9niors endimanch\u00e9s viennent vous inviter \u00e0 danser, et o\u00f9 le sirop de houblon est bien d\u00e9salt\u00e9rant. Petit coup de c\u0153ur pour le moule frite tous les dimanches soirs (Les frites sont maisons).<br>Vivement qu\u2019on puisse y retourner&nbsp;!<\/p>\n\n\n\n<p>Quand on ne grimpe pas<\/p>\n\n\n\n<p>La Base de Loisirs de L\u00e9ry Poses vous accueille pour sa baignade, ses activit\u00e9s nautiques (T\u00e9l\u00e9ski-nautique, p\u00e9dalo), son mini-golf\u2026 http:\/\/www.lery-poses.fr\/<\/p>\n\n\n\n<p>La serre Biotropica, vous propose une visite zoologique aux 4 coins de la plan\u00e8te&nbsp;: <a href=\"https:\/\/www.biotropica.fr\/\">https:\/\/www.biotropica.fr\/<\/a><\/p>\n\n\n\n<p>Cr\u00e9dit photos&nbsp;: Alain Mailloux<\/p>\n\n\n","protected":false},"excerpt":{"rendered":"<p>Tout a commenc\u00e9 par des \u00e9nergies locales, des b\u00e9n\u00e9voles farouchement amoureux des falaises de l\u2019Eure et de son Bord de Seine et soucieux de participer \u00e0 l\u2019entretien et \u00e0 l\u2019\u00e9quipement de nos sites de pratique. Le Comit\u00e9 Territorial FFME de l\u2019Eure d\u00e9cide alors de mettre en place une formation d\u2019ouvreurs en site naturel en 2018. &hellip; <\/p>\n<p class=\"link-more\"><a href=\"https:\/\/ct27.escalade-normandie.com\/index.php\/2021\/03\/11\/la-seconde-jeunesse\/\" class=\"more-link\">Continuer la lecture<span class=\"screen-reader-text\"> de &laquo;&nbsp;La Seconde Jeunesse&nbsp;&raquo;<\/span><\/a><\/p>\n","protected":false},"author":2,"featured_media":0,"comment_status":"open","ping_status":"open","sticky":false,"template":"","format":"standard","meta":{"footnotes":""},"categories":[1],"tags":[],"class_list":["post-245","post","type-post","status-publish","format-standard","hentry","category-non-classe"],"aioseo_notices":[],"_links":{"self":[{"href":"https:\/\/ct27.escalade-normandie.com\/index.php\/wp-json\/wp\/v2\/posts\/245","targetHints":{"allow":["GET"]}}],"collection":[{"href":"https:\/\/ct27.escalade-normandie.com\/index.php\/wp-json\/wp\/v2\/posts"}],"about":[{"href":"https:\/\/ct27.escalade-normandie.com\/index.php\/wp-json\/wp\/v2\/types\/post"}],"author":[{"embeddable":true,"href":"https:\/\/ct27.escalade-normandie.com\/index.php\/wp-json\/wp\/v2\/users\/2"}],"replies":[{"embeddable":true,"href":"https:\/\/ct27.escalade-normandie.com\/index.php\/wp-json\/wp\/v2\/comments?post=245"}],"version-history":[{"count":3,"href":"https:\/\/ct27.escalade-normandie.com\/index.php\/wp-json\/wp\/v2\/posts\/245\/revisions"}],"predecessor-version":[{"id":254,"href":"https:\/\/ct27.escalade-normandie.com\/index.php\/wp-json\/wp\/v2\/posts\/245\/revisions\/254"}],"wp:attachment":[{"href":"https:\/\/ct27.escalade-normandie.com\/index.php\/wp-json\/wp\/v2\/media?parent=245"}],"wp:term":[{"taxonomy":"category","embeddable":true,"href":"https:\/\/ct27.escalade-normandie.com\/index.php\/wp-json\/wp\/v2\/categories?post=245"},{"taxonomy":"post_tag","embeddable":true,"href":"https:\/\/ct27.escalade-normandie.com\/index.php\/wp-json\/wp\/v2\/tags?post=245"}],"curies":[{"name":"wp","href":"https:\/\/api.w.org\/{rel}","templated":true}]}}