{"id":239,"date":"2021-02-24T17:21:09","date_gmt":"2021-02-24T16:21:09","guid":{"rendered":"https:\/\/ct27.escalade-normandie.com\/?p=239"},"modified":"2021-02-24T17:25:13","modified_gmt":"2021-02-24T16:25:13","slug":"la-saison-des-amours-cest-reparti","status":"publish","type":"post","link":"https:\/\/ct27.escalade-normandie.com\/index.php\/2021\/02\/24\/la-saison-des-amours-cest-reparti\/","title":{"rendered":"La saison des amours, c&rsquo;est reparti !"},"content":{"rendered":"\n<p>Nous sommes heureux de vous annoncer le retour de notre nich\u00e9e de Faucons P\u00e8lerins sur la Falaise de l&rsquo;M. Aussi pour ne pas d\u00e9ranger cette esp\u00e8ce prot\u00e9g\u00e9e pendant sa p\u00e9riode de nidification, l&rsquo;acc\u00e8s \u00e0 la falaise de l&rsquo;M est suspendue jusqu&rsquo;\u00e0 l&rsquo;aval de la LPO Normandie, \u00e0 priori jusqu&rsquo;au 3 juillet 2021<\/p>\n\n\n\n<p>Merci de respecter et de faire respecter ces consignes pour garantir la pr\u00e9servation de l&rsquo;esp\u00e8ce. Le site est panneaut\u00e9 et balis\u00e9 afin qu&rsquo;il n&rsquo;y ait pas de malentendu possible \ud83d\ude09<\/p>\n\n\n\n<p>Merci \u00e0 Pascal Bocianowski et au Red Star Club de Montreuil, propri\u00e9taire de la falaise, pour leur accord.<\/p>\n\n\n\n<p>Merci \u00e0 St\u00e9phane Durel, Pr\u00e9sident du Comit\u00e9 Territorial FFME de l&rsquo;Eure pour sa r\u00e9activit\u00e9.<\/p>\n\n\n\n<p>Et merci \u00e0 Jean Pierre Frodello et la LPO pour leur confiance.<\/p>\n\n\n\n<p>Encore une superbe collaboration entre les diff\u00e9rents acteurs.<\/p>\n\n\n\n<p>Pour plus d&rsquo;infos :<\/p>\n\n\n\n<p><a href=\"http:\/\/rapaces.lpo.fr\/faucon-pelerin\/\">http:\/\/rapaces.lpo.fr\/faucon-pelerin\/<\/a><\/p>\n\n\n\n<p><a href=\"http:\/\/www.oiseaux.net\/oiseaux\/faucon.pelerin.html\">http:\/\/www.oiseaux.net\/oiseaux\/faucon.pelerin.html<\/a><\/p>\n\n\n\n<p>Profitez donc des autres secteurs :<\/p>\n\n\n\n<p>&#8211; Connelles ancestrale, (tout niveau avec quelques d\u00e9parts bloc, du 4 sup jusqu&rsquo;au&#8230;),<\/p>\n\n\n\n<p>&#8211; la Microfalaise pas tr\u00e8s haute mais fine,<\/p>\n\n\n\n<p>&#8211; la Bisexto, la bi pour les intimes (Int\u00e9ressante \u00e0 partir d&rsquo;un bon 5c mais beaucoup de voie dans le 6 et le 7),<\/p>\n\n\n\n<p>&#8211; la Sp\u00e9l\u00e9o, la sp\u00e9 pour les locaux (si vous \u00eates \u00e0 l&rsquo;aise dans le 6b mais beaucoup de voies dans le 7 et 8),<\/p>\n\n\n\n<p>&#8211; Le Thuit pour les machines (beaucoup de 8 et rien en dessous de 6c),<\/p>\n\n\n\n<p>&#8211; Le Val Saint Martin pour sa convivialit\u00e9 (tout niveau, du 4 sup jusqu&rsquo;\u00e0 6c).<\/p>\n\n\n\n<p>Et Stay Tune, l&rsquo;ouverture de la 2nd Jeunesse ne devrait pas tarder. Pour l&rsquo;instant les travaux sont en cours et la grimpe y est prohib\u00e9e mais \u00e7a ne serait tarder.<\/p>\n","protected":false},"excerpt":{"rendered":"<p>Nous sommes heureux de vous annoncer le retour de notre nich\u00e9e de Faucons P\u00e8lerins sur la Falaise de l&rsquo;M. Aussi pour ne pas d\u00e9ranger cette esp\u00e8ce prot\u00e9g\u00e9e pendant sa p\u00e9riode de nidification, l&rsquo;acc\u00e8s \u00e0 la falaise de l&rsquo;M est suspendue jusqu&rsquo;\u00e0 l&rsquo;aval de la LPO Normandie, \u00e0 priori jusqu&rsquo;au 3 juillet 2021 Merci de respecter &hellip; <\/p>\n<p class=\"link-more\"><a href=\"https:\/\/ct27.escalade-normandie.com\/index.php\/2021\/02\/24\/la-saison-des-amours-cest-reparti\/\" class=\"more-link\">Continuer la lecture<span class=\"screen-reader-text\"> de &laquo;&nbsp;La saison des amours, c&rsquo;est reparti !&nbsp;&raquo;<\/span><\/a><\/p>\n","protected":false},"author":2,"featured_media":0,"comment_status":"open","ping_status":"open","sticky":false,"template":"","format":"standard","meta":{"footnotes":""},"categories":[1],"tags":[],"class_list":["post-239","post","type-post","status-publish","format-standard","hentry","category-non-classe"],"aioseo_notices":[],"_links":{"self":[{"href":"https:\/\/ct27.escalade-normandie.com\/index.php\/wp-json\/wp\/v2\/posts\/239","targetHints":{"allow":["GET"]}}],"collection":[{"href":"https:\/\/ct27.escalade-normandie.com\/index.php\/wp-json\/wp\/v2\/posts"}],"about":[{"href":"https:\/\/ct27.escalade-normandie.com\/index.php\/wp-json\/wp\/v2\/types\/post"}],"author":[{"embeddable":true,"href":"https:\/\/ct27.escalade-normandie.com\/index.php\/wp-json\/wp\/v2\/users\/2"}],"replies":[{"embeddable":true,"href":"https:\/\/ct27.escalade-normandie.com\/index.php\/wp-json\/wp\/v2\/comments?post=239"}],"version-history":[{"count":3,"href":"https:\/\/ct27.escalade-normandie.com\/index.php\/wp-json\/wp\/v2\/posts\/239\/revisions"}],"predecessor-version":[{"id":242,"href":"https:\/\/ct27.escalade-normandie.com\/index.php\/wp-json\/wp\/v2\/posts\/239\/revisions\/242"}],"wp:attachment":[{"href":"https:\/\/ct27.escalade-normandie.com\/index.php\/wp-json\/wp\/v2\/media?parent=239"}],"wp:term":[{"taxonomy":"category","embeddable":true,"href":"https:\/\/ct27.escalade-normandie.com\/index.php\/wp-json\/wp\/v2\/categories?post=239"},{"taxonomy":"post_tag","embeddable":true,"href":"https:\/\/ct27.escalade-normandie.com\/index.php\/wp-json\/wp\/v2\/tags?post=239"}],"curies":[{"name":"wp","href":"https:\/\/api.w.org\/{rel}","templated":true}]}}