{"id":227,"date":"2021-01-22T23:41:44","date_gmt":"2021-01-22T22:41:44","guid":{"rendered":"https:\/\/ct27.escalade-normandie.com\/?p=227"},"modified":"2021-01-22T23:51:34","modified_gmt":"2021-01-22T22:51:34","slug":"assemblee-generale-elective-du-comite-territorial-ffme-de-leure-samedi-20-fevrier-a-la-base-de-lery-pose","status":"publish","type":"post","link":"https:\/\/ct27.escalade-normandie.com\/index.php\/2021\/01\/22\/assemblee-generale-elective-du-comite-territorial-ffme-de-leure-samedi-20-fevrier-a-la-base-de-lery-pose\/","title":{"rendered":"Assembl\u00e9e g\u00e9n\u00e9rale \u00e9lective du comit\u00e9 territorial FFME de l&rsquo;Eure- samedi 20 f\u00e9vrier \u00e0 la base de L\u00e9ry Pose"},"content":{"rendered":"\n<p>Bonjour \u00e0 toutes et \u00e0 tous<br><br>Vous trouverez en PJ l&rsquo;invitation \u00e0 l&rsquo;assembl\u00e9e g\u00e9n\u00e9rale \u00e9lective du comit\u00e9 territorial FFME de l&rsquo;Eure qui se d\u00e9roulera le samedi 20 f\u00e9vrier \u00e0 la base de L\u00e9ry Poses salle Cousteau. On va faire en sorte de se r\u00e9unir de se voir, de se parler, pour cette AG importante pour l&rsquo;escalade dans l&rsquo;Eure.<br><br>Vous trouverez aussi en PJ les statuts et le dernier projet sportif (olympiade 2016\/2020).<br><br>Je vous remercie de&nbsp; transmettre vos candidatures au comit\u00e9 directeur pour le lundi 15 f\u00e9vrier par message \u00e0&nbsp; <a href=\"mailto:secretaire@ct27.escalade-normandie.com\" target=\"_blank\" rel=\"noreferrer noopener\">secretaire@ct27.escalade-normandie.com<\/a><br><br>Un moment de convivialit\u00e9 se d\u00e9roulera \u00e0 l&rsquo;issue de l&rsquo;AG, en ce moment on en&nbsp; a bien besoin &#8230; n&rsquo;h\u00e9sitez pas \u00e0 diffuser cette invitation \u00e0 vos adh\u00e9rents.<br><br>Bien Sportivement<br><br>St\u00e9phane DUREL<br>Pr\u00e9sident du CT FFME de l&rsquo;Eure<\/p>\n\n\n\n<p><\/p>\n\n\n\n<p>Pi\u00e8ces jointes:<\/p>\n\n\n\n<p><a href=\"https:\/\/ct27.escalade-normandie.com\/wp-content\/uploads\/2021\/01\/projet-politique-CT-27.pdf\">Projets politiques<\/a><\/p>\n\n\n\n<p><a href=\"https:\/\/ct27.escalade-normandie.com\/wp-content\/uploads\/2021\/01\/Invitation-AG-2021-CT-FFME-Eure.pdf\">Invitation AG<\/a><\/p>\n\n\n\n<p><a href=\"https:\/\/ct27.escalade-normandie.com\/wp-content\/uploads\/2021\/01\/statuts-Comite-Territorial-Montagne-Escalade-Eure-FFME-2017.pdf\">Statuts-Comite-Territorial-Montagne-Escalade-Eure-FFME<\/a><\/p>\n\n\n","protected":false},"excerpt":{"rendered":"<p>Bonjour \u00e0 toutes et \u00e0 tous Vous trouverez en PJ l&rsquo;invitation \u00e0 l&rsquo;assembl\u00e9e g\u00e9n\u00e9rale \u00e9lective du comit\u00e9 territorial FFME de l&rsquo;Eure qui se d\u00e9roulera le samedi 20 f\u00e9vrier \u00e0 la base de L\u00e9ry Poses salle Cousteau. On va faire en sorte de se r\u00e9unir de se voir, de se parler, pour cette AG importante pour &hellip; <\/p>\n<p class=\"link-more\"><a href=\"https:\/\/ct27.escalade-normandie.com\/index.php\/2021\/01\/22\/assemblee-generale-elective-du-comite-territorial-ffme-de-leure-samedi-20-fevrier-a-la-base-de-lery-pose\/\" class=\"more-link\">Continuer la lecture<span class=\"screen-reader-text\"> de &laquo;&nbsp;Assembl\u00e9e g\u00e9n\u00e9rale \u00e9lective du comit\u00e9 territorial FFME de l&rsquo;Eure- samedi 20 f\u00e9vrier \u00e0 la base de L\u00e9ry Pose&nbsp;&raquo;<\/span><\/a><\/p>\n","protected":false},"author":2,"featured_media":57,"comment_status":"open","ping_status":"open","sticky":false,"template":"","format":"standard","meta":{"footnotes":""},"categories":[1],"tags":[],"class_list":["post-227","post","type-post","status-publish","format-standard","has-post-thumbnail","hentry","category-non-classe"],"aioseo_notices":[],"_links":{"self":[{"href":"https:\/\/ct27.escalade-normandie.com\/index.php\/wp-json\/wp\/v2\/posts\/227","targetHints":{"allow":["GET"]}}],"collection":[{"href":"https:\/\/ct27.escalade-normandie.com\/index.php\/wp-json\/wp\/v2\/posts"}],"about":[{"href":"https:\/\/ct27.escalade-normandie.com\/index.php\/wp-json\/wp\/v2\/types\/post"}],"author":[{"embeddable":true,"href":"https:\/\/ct27.escalade-normandie.com\/index.php\/wp-json\/wp\/v2\/users\/2"}],"replies":[{"embeddable":true,"href":"https:\/\/ct27.escalade-normandie.com\/index.php\/wp-json\/wp\/v2\/comments?post=227"}],"version-history":[{"count":1,"href":"https:\/\/ct27.escalade-normandie.com\/index.php\/wp-json\/wp\/v2\/posts\/227\/revisions"}],"predecessor-version":[{"id":228,"href":"https:\/\/ct27.escalade-normandie.com\/index.php\/wp-json\/wp\/v2\/posts\/227\/revisions\/228"}],"wp:featuredmedia":[{"embeddable":true,"href":"https:\/\/ct27.escalade-normandie.com\/index.php\/wp-json\/wp\/v2\/media\/57"}],"wp:attachment":[{"href":"https:\/\/ct27.escalade-normandie.com\/index.php\/wp-json\/wp\/v2\/media?parent=227"}],"wp:term":[{"taxonomy":"category","embeddable":true,"href":"https:\/\/ct27.escalade-normandie.com\/index.php\/wp-json\/wp\/v2\/categories?post=227"},{"taxonomy":"post_tag","embeddable":true,"href":"https:\/\/ct27.escalade-normandie.com\/index.php\/wp-json\/wp\/v2\/tags?post=227"}],"curies":[{"name":"wp","href":"https:\/\/api.w.org\/{rel}","templated":true}]}}